{"id":664,"date":"2026-03-12T00:25:15","date_gmt":"2026-03-12T00:25:15","guid":{"rendered":"https:\/\/www.lasolution-menager.com\/?p=664"},"modified":"2026-03-12T00:36:13","modified_gmt":"2026-03-12T00:36:13","slug":"pourquoi-faire-appel-a-un-service-de-menage-professionnel-a-boucherville","status":"publish","type":"post","link":"https:\/\/www.lasolution-menager.com\/en\/pourquoi-faire-appel-a-un-service-de-menage-professionnel-a-boucherville\/","title":{"rendered":"Pourquoi faire appel \u00e0 un service de m\u00e9nage professionnel \u00e0 Boucherville ?"},"content":{"rendered":"<p data-start=\"351\" data-end=\"760\">Maintenir une maison propre demande du temps, de l\u2019\u00e9nergie et une certaine organisation. Entre le travail, les obligations familiales et les impr\u00e9vus du quotidien, il devient souvent difficile de consacrer plusieurs heures par semaine \u00e0 l\u2019entretien de son domicile. C\u2019est pourquoi de plus en plus de propri\u00e9taires choisissent aujourd\u2019hui de faire appel \u00e0 un <strong data-start=\"709\" data-end=\"759\">service de m\u00e9nage professionnel \u00e0 Boucherville<\/strong>.<\/p>\n<h2 data-section-id=\"w3bgy0\" data-start=\"762\" data-end=\"790\">Un gain de temps pr\u00e9cieux<\/h2>\n<p data-start=\"792\" data-end=\"1100\">Le premier avantage d\u2019un <strong data-start=\"817\" data-end=\"850\">service de m\u00e9nage r\u00e9sidentiel<\/strong> est sans aucun doute le gain de temps. Plut\u00f4t que de passer votre fin de semaine \u00e0 nettoyer la cuisine, les salles de bain ou les planchers, vous pouvez consacrer ce temps \u00e0 ce qui compte vraiment : votre famille, vos loisirs ou simplement du repos.<\/p>\n<p data-start=\"1102\" data-end=\"1237\">Une entreprise sp\u00e9cialis\u00e9e comme <strong data-start=\"1135\" data-end=\"1158\">La Solution M\u00e9nager<\/strong> s\u2019occupe de toutes les t\u00e2ches d\u2019entretien m\u00e9nager avec efficacit\u00e9 et rapidit\u00e9.<\/p>\n<h2 data-section-id=\"87rhbr\" data-start=\"1239\" data-end=\"1265\">Une propret\u00e9 impeccable<\/h2>\n<p data-start=\"1267\" data-end=\"1480\">Les professionnels du nettoyage poss\u00e8dent l\u2019exp\u00e9rience et les m\u00e9thodes n\u00e9cessaires pour assurer un nettoyage en profondeur. Les surfaces, les planchers, les salles de bain et la cuisine sont nettoy\u00e9s avec minutie.<\/p>\n<p data-start=\"1482\" data-end=\"1554\">Un <strong data-start=\"1485\" data-end=\"1535\">service de m\u00e9nage professionnel \u00e0 Boucherville<\/strong> permet notamment :<\/p>\n<ul data-start=\"1556\" data-end=\"1710\">\n<li data-section-id=\"1qe1nvd\" data-start=\"1556\" data-end=\"1593\">\n<p data-start=\"1558\" data-end=\"1593\">d\u2019\u00e9liminer la poussi\u00e8re accumul\u00e9e<\/p>\n<\/li>\n<li data-section-id=\"1ppbfxr\" data-start=\"1594\" data-end=\"1625\">\n<p data-start=\"1596\" data-end=\"1625\">de d\u00e9sinfecter les surfaces<\/p>\n<\/li>\n<li data-section-id=\"bjzdmq\" data-start=\"1626\" data-end=\"1671\">\n<p data-start=\"1628\" data-end=\"1671\">d\u2019am\u00e9liorer la qualit\u00e9 de l\u2019air int\u00e9rieur<\/p>\n<\/li>\n<li data-section-id=\"1rj3tti\" data-start=\"1672\" data-end=\"1710\">\n<p data-start=\"1674\" data-end=\"1710\">de maintenir un environnement sain<\/p>\n<\/li>\n<\/ul>\n<h2 data-section-id=\"1549oc7\" data-start=\"1712\" data-end=\"1736\">Une solution flexible<\/h2>\n<p data-start=\"1738\" data-end=\"1855\">Chaque maison est diff\u00e9rente. C\u2019est pourquoi les entreprises de nettoyage proposent g\u00e9n\u00e9ralement plusieurs formules :<\/p>\n<ul data-start=\"1857\" data-end=\"1954\">\n<li data-section-id=\"1vcr53m\" data-start=\"1857\" data-end=\"1880\">\n<p data-start=\"1859\" data-end=\"1880\">m\u00e9nage hebdomadaire<\/p>\n<\/li>\n<li data-section-id=\"svzht6\" data-start=\"1881\" data-end=\"1909\">\n<p data-start=\"1883\" data-end=\"1909\">m\u00e9nage aux deux semaines<\/p>\n<\/li>\n<li data-section-id=\"xdr8i0\" data-start=\"1910\" data-end=\"1928\">\n<p data-start=\"1912\" data-end=\"1928\">m\u00e9nage mensuel<\/p>\n<\/li>\n<li data-section-id=\"1hih7wl\" data-start=\"1929\" data-end=\"1954\">\n<p data-start=\"1931\" data-end=\"1954\">grand m\u00e9nage ponctuel<\/p>\n<\/li>\n<\/ul>\n<p data-start=\"1956\" data-end=\"2042\">Cette flexibilit\u00e9 permet de choisir la solution qui correspond le mieux \u00e0 vos besoins.<\/p>\n<h2 data-section-id=\"z64qjz\" data-start=\"2044\" data-end=\"2073\">Un environnement plus sain<\/h2>\n<p data-start=\"2075\" data-end=\"2264\">Un nettoyage r\u00e9gulier permet aussi de r\u00e9duire la pr\u00e9sence d\u2019allerg\u00e8nes comme la poussi\u00e8re, les acariens ou les bact\u00e9ries. Cela contribue directement au bien-\u00eatre des occupants de la maison.<\/p>\n<p data-start=\"2266\" data-end=\"2419\">Faire appel \u00e0 <strong data-start=\"2280\" data-end=\"2318\">La Solution M\u00e9nager \u00e0 Boucherville<\/strong> est donc une excellente fa\u00e7on de garder votre maison propre tout en am\u00e9liorant votre qualit\u00e9 de vie.<\/p>","protected":false},"excerpt":{"rendered":"<p>Maintenir une maison propre demande du temps, de l\u2019\u00e9nergie et une certaine organisation. Entre le travail, les obligations familiales et les impr\u00e9vus du quotidien, il devient<span class=\"excerpt-hellip\"> [\u2026]<\/span><\/p>\n","protected":false},"author":1,"featured_media":677,"comment_status":"open","ping_status":"open","sticky":false,"template":"","format":"standard","meta":{"footnotes":""},"categories":[1],"tags":[],"class_list":["post-664","post","type-post","status-publish","format-standard","has-post-thumbnail","hentry","category-non-classe"],"yoast_head":"<!-- This site is optimized with the Yoast SEO plugin v27.4 - https:\/\/yoast.com\/product\/yoast-seo-wordpress\/ -->\n<title>Pourquoi faire appel \u00e0 un service de m\u00e9nage professionnel \u00e0 Boucherville ? - Service de m\u00e9nage \u00e0 Boucherville | M\u00e9nage r\u00e9sidentiel et commercial | La Solution M\u00e9nager<\/title>\n<meta name=\"description\" content=\"D\u00e9couvrez pourquoi faire appel \u00e0 un service de m\u00e9nage professionnel \u00e0 Boucherville peut vous faire gagner du temps et garantir une maison propre et saine gr\u00e2ce \u00e0 La Solution M\u00e9nager.\" \/>\n<meta name=\"robots\" content=\"index, follow, max-snippet:-1, max-image-preview:large, max-video-preview:-1\" \/>\n<link rel=\"canonical\" href=\"https:\/\/www.lasolution-menager.com\/en\/pourquoi-faire-appel-a-un-service-de-menage-professionnel-a-boucherville\/\" \/>\n<meta property=\"og:locale\" content=\"en_US\" \/>\n<meta property=\"og:type\" content=\"article\" \/>\n<meta property=\"og:title\" content=\"Pourquoi faire appel \u00e0 un service de m\u00e9nage professionnel \u00e0 Boucherville ? - Service de m\u00e9nage \u00e0 Boucherville | M\u00e9nage r\u00e9sidentiel et commercial | La Solution M\u00e9nager\" \/>\n<meta property=\"og:description\" content=\"D\u00e9couvrez pourquoi faire appel \u00e0 un service de m\u00e9nage professionnel \u00e0 Boucherville peut vous faire gagner du temps et garantir une maison propre et saine gr\u00e2ce \u00e0 La Solution M\u00e9nager.\" \/>\n<meta property=\"og:url\" content=\"https:\/\/www.lasolution-menager.com\/en\/pourquoi-faire-appel-a-un-service-de-menage-professionnel-a-boucherville\/\" \/>\n<meta property=\"og:site_name\" content=\"Service de m\u00e9nage \u00e0 Boucherville | M\u00e9nage r\u00e9sidentiel et commercial | La Solution M\u00e9nager\" \/>\n<meta property=\"article:published_time\" content=\"2026-03-12T00:25:15+00:00\" \/>\n<meta property=\"article:modified_time\" content=\"2026-03-12T00:36:13+00:00\" \/>\n<meta property=\"og:image\" content=\"https:\/\/www.lasolution-menager.com\/wp-content\/uploads\/2026\/03\/01.jpg\" \/>\n\t<meta property=\"og:image:width\" content=\"2000\" \/>\n\t<meta property=\"og:image:height\" content=\"1300\" \/>\n\t<meta property=\"og:image:type\" content=\"image\/jpeg\" \/>\n<meta name=\"author\" content=\"La solution m\u00e9nager\" \/>\n<meta name=\"twitter:card\" content=\"summary_large_image\" \/>\n<meta name=\"twitter:label1\" content=\"Written by\" \/>\n\t<meta name=\"twitter:data1\" content=\"La solution m\u00e9nager\" \/>\n\t<meta name=\"twitter:label2\" content=\"Est. reading time\" \/>\n\t<meta name=\"twitter:data2\" content=\"2 minutes\" \/>\n<script type=\"application\/ld+json\" class=\"yoast-schema-graph\">{\"@context\":\"https:\\\/\\\/schema.org\",\"@graph\":[{\"@type\":\"Article\",\"@id\":\"https:\\\/\\\/www.lasolution-menager.com\\\/en\\\/pourquoi-faire-appel-a-un-service-de-menage-professionnel-a-boucherville\\\/#article\",\"isPartOf\":{\"@id\":\"https:\\\/\\\/www.lasolution-menager.com\\\/en\\\/pourquoi-faire-appel-a-un-service-de-menage-professionnel-a-boucherville\\\/\"},\"author\":{\"name\":\"La solution m\u00e9nager\",\"@id\":\"https:\\\/\\\/www.lasolution-menager.com\\\/#\\\/schema\\\/person\\\/55e2621bf87e7336f393a60f66841236\"},\"headline\":\"Pourquoi faire appel \u00e0 un service de m\u00e9nage professionnel \u00e0 Boucherville ?\",\"datePublished\":\"2026-03-12T00:25:15+00:00\",\"dateModified\":\"2026-03-12T00:36:13+00:00\",\"mainEntityOfPage\":{\"@id\":\"https:\\\/\\\/www.lasolution-menager.com\\\/en\\\/pourquoi-faire-appel-a-un-service-de-menage-professionnel-a-boucherville\\\/\"},\"wordCount\":351,\"commentCount\":0,\"image\":{\"@id\":\"https:\\\/\\\/www.lasolution-menager.com\\\/en\\\/pourquoi-faire-appel-a-un-service-de-menage-professionnel-a-boucherville\\\/#primaryimage\"},\"thumbnailUrl\":\"https:\\\/\\\/www.lasolution-menager.com\\\/wp-content\\\/uploads\\\/2026\\\/03\\\/01.jpg\",\"articleSection\":[\"Non class\u00e9\"],\"inLanguage\":\"en-CA\",\"potentialAction\":[{\"@type\":\"CommentAction\",\"name\":\"Comment\",\"target\":[\"https:\\\/\\\/www.lasolution-menager.com\\\/en\\\/pourquoi-faire-appel-a-un-service-de-menage-professionnel-a-boucherville\\\/#respond\"]}]},{\"@type\":\"WebPage\",\"@id\":\"https:\\\/\\\/www.lasolution-menager.com\\\/en\\\/pourquoi-faire-appel-a-un-service-de-menage-professionnel-a-boucherville\\\/\",\"url\":\"https:\\\/\\\/www.lasolution-menager.com\\\/en\\\/pourquoi-faire-appel-a-un-service-de-menage-professionnel-a-boucherville\\\/\",\"name\":\"Pourquoi faire appel \u00e0 un service de m\u00e9nage professionnel \u00e0 Boucherville ? - Service de m\u00e9nage \u00e0 Boucherville | M\u00e9nage r\u00e9sidentiel et commercial | La Solution M\u00e9nager\",\"isPartOf\":{\"@id\":\"https:\\\/\\\/www.lasolution-menager.com\\\/#website\"},\"primaryImageOfPage\":{\"@id\":\"https:\\\/\\\/www.lasolution-menager.com\\\/en\\\/pourquoi-faire-appel-a-un-service-de-menage-professionnel-a-boucherville\\\/#primaryimage\"},\"image\":{\"@id\":\"https:\\\/\\\/www.lasolution-menager.com\\\/en\\\/pourquoi-faire-appel-a-un-service-de-menage-professionnel-a-boucherville\\\/#primaryimage\"},\"thumbnailUrl\":\"https:\\\/\\\/www.lasolution-menager.com\\\/wp-content\\\/uploads\\\/2026\\\/03\\\/01.jpg\",\"datePublished\":\"2026-03-12T00:25:15+00:00\",\"dateModified\":\"2026-03-12T00:36:13+00:00\",\"author\":{\"@id\":\"https:\\\/\\\/www.lasolution-menager.com\\\/#\\\/schema\\\/person\\\/55e2621bf87e7336f393a60f66841236\"},\"description\":\"D\u00e9couvrez pourquoi faire appel \u00e0 un service de m\u00e9nage professionnel \u00e0 Boucherville peut vous faire gagner du temps et garantir une maison propre et saine gr\u00e2ce \u00e0 La Solution M\u00e9nager.\",\"breadcrumb\":{\"@id\":\"https:\\\/\\\/www.lasolution-menager.com\\\/en\\\/pourquoi-faire-appel-a-un-service-de-menage-professionnel-a-boucherville\\\/#breadcrumb\"},\"inLanguage\":\"en-CA\",\"potentialAction\":[{\"@type\":\"ReadAction\",\"target\":[\"https:\\\/\\\/www.lasolution-menager.com\\\/en\\\/pourquoi-faire-appel-a-un-service-de-menage-professionnel-a-boucherville\\\/\"]}]},{\"@type\":\"ImageObject\",\"inLanguage\":\"en-CA\",\"@id\":\"https:\\\/\\\/www.lasolution-menager.com\\\/en\\\/pourquoi-faire-appel-a-un-service-de-menage-professionnel-a-boucherville\\\/#primaryimage\",\"url\":\"https:\\\/\\\/www.lasolution-menager.com\\\/wp-content\\\/uploads\\\/2026\\\/03\\\/01.jpg\",\"contentUrl\":\"https:\\\/\\\/www.lasolution-menager.com\\\/wp-content\\\/uploads\\\/2026\\\/03\\\/01.jpg\",\"width\":2000,\"height\":1300},{\"@type\":\"BreadcrumbList\",\"@id\":\"https:\\\/\\\/www.lasolution-menager.com\\\/en\\\/pourquoi-faire-appel-a-un-service-de-menage-professionnel-a-boucherville\\\/#breadcrumb\",\"itemListElement\":[{\"@type\":\"ListItem\",\"position\":1,\"name\":\"Home\",\"item\":\"https:\\\/\\\/www.lasolution-menager.com\\\/\"},{\"@type\":\"ListItem\",\"position\":2,\"name\":\"Pourquoi faire appel \u00e0 un service de m\u00e9nage professionnel \u00e0 Boucherville ?\"}]},{\"@type\":\"WebSite\",\"@id\":\"https:\\\/\\\/www.lasolution-menager.com\\\/#website\",\"url\":\"https:\\\/\\\/www.lasolution-menager.com\\\/\",\"name\":\"Service de m\u00e9nage \u00e0 Boucherville | M\u00e9nage r\u00e9sidentiel et commercial | La Solution M\u00e9nager\",\"description\":\"\",\"potentialAction\":[{\"@type\":\"SearchAction\",\"target\":{\"@type\":\"EntryPoint\",\"urlTemplate\":\"https:\\\/\\\/www.lasolution-menager.com\\\/?s={search_term_string}\"},\"query-input\":{\"@type\":\"PropertyValueSpecification\",\"valueRequired\":true,\"valueName\":\"search_term_string\"}}],\"inLanguage\":\"en-CA\"},{\"@type\":\"Person\",\"@id\":\"https:\\\/\\\/www.lasolution-menager.com\\\/#\\\/schema\\\/person\\\/55e2621bf87e7336f393a60f66841236\",\"name\":\"La solution m\u00e9nager\",\"image\":{\"@type\":\"ImageObject\",\"inLanguage\":\"en-CA\",\"@id\":\"https:\\\/\\\/secure.gravatar.com\\\/avatar\\\/eefcc57bbf0ba9bb9dfd16654c835e3bd259c163bdb8305d3cc7fae2e03e8164?s=96&d=mm&r=g\",\"url\":\"https:\\\/\\\/secure.gravatar.com\\\/avatar\\\/eefcc57bbf0ba9bb9dfd16654c835e3bd259c163bdb8305d3cc7fae2e03e8164?s=96&d=mm&r=g\",\"contentUrl\":\"https:\\\/\\\/secure.gravatar.com\\\/avatar\\\/eefcc57bbf0ba9bb9dfd16654c835e3bd259c163bdb8305d3cc7fae2e03e8164?s=96&d=mm&r=g\",\"caption\":\"La solution m\u00e9nager\"},\"sameAs\":[\"https:\\\/\\\/www.lasolution-menager.com\"],\"url\":\"https:\\\/\\\/www.lasolution-menager.com\\\/en\\\/author\\\/admin\\\/\"}]}<\/script>\n<!-- \/ Yoast SEO plugin. -->","yoast_head_json":{"title":"Pourquoi faire appel \u00e0 un service de m\u00e9nage professionnel \u00e0 Boucherville ? - Service de m\u00e9nage \u00e0 Boucherville | M\u00e9nage r\u00e9sidentiel et commercial | La Solution M\u00e9nager","description":"D\u00e9couvrez pourquoi faire appel \u00e0 un service de m\u00e9nage professionnel \u00e0 Boucherville peut vous faire gagner du temps et garantir une maison propre et saine gr\u00e2ce \u00e0 La Solution M\u00e9nager.","robots":{"index":"index","follow":"follow","max-snippet":"max-snippet:-1","max-image-preview":"max-image-preview:large","max-video-preview":"max-video-preview:-1"},"canonical":"https:\/\/www.lasolution-menager.com\/en\/pourquoi-faire-appel-a-un-service-de-menage-professionnel-a-boucherville\/","og_locale":"en_US","og_type":"article","og_title":"Pourquoi faire appel \u00e0 un service de m\u00e9nage professionnel \u00e0 Boucherville ? - Service de m\u00e9nage \u00e0 Boucherville | M\u00e9nage r\u00e9sidentiel et commercial | La Solution M\u00e9nager","og_description":"D\u00e9couvrez pourquoi faire appel \u00e0 un service de m\u00e9nage professionnel \u00e0 Boucherville peut vous faire gagner du temps et garantir une maison propre et saine gr\u00e2ce \u00e0 La Solution M\u00e9nager.","og_url":"https:\/\/www.lasolution-menager.com\/en\/pourquoi-faire-appel-a-un-service-de-menage-professionnel-a-boucherville\/","og_site_name":"Service de m\u00e9nage \u00e0 Boucherville | M\u00e9nage r\u00e9sidentiel et commercial | La Solution M\u00e9nager","article_published_time":"2026-03-12T00:25:15+00:00","article_modified_time":"2026-03-12T00:36:13+00:00","og_image":[{"width":2000,"height":1300,"url":"https:\/\/www.lasolution-menager.com\/wp-content\/uploads\/2026\/03\/01.jpg","type":"image\/jpeg"}],"author":"La solution m\u00e9nager","twitter_card":"summary_large_image","twitter_misc":{"Written by":"La solution m\u00e9nager","Est. reading time":"2 minutes"},"schema":{"@context":"https:\/\/schema.org","@graph":[{"@type":"Article","@id":"https:\/\/www.lasolution-menager.com\/en\/pourquoi-faire-appel-a-un-service-de-menage-professionnel-a-boucherville\/#article","isPartOf":{"@id":"https:\/\/www.lasolution-menager.com\/en\/pourquoi-faire-appel-a-un-service-de-menage-professionnel-a-boucherville\/"},"author":{"name":"La solution m\u00e9nager","@id":"https:\/\/www.lasolution-menager.com\/#\/schema\/person\/55e2621bf87e7336f393a60f66841236"},"headline":"Pourquoi faire appel \u00e0 un service de m\u00e9nage professionnel \u00e0 Boucherville ?","datePublished":"2026-03-12T00:25:15+00:00","dateModified":"2026-03-12T00:36:13+00:00","mainEntityOfPage":{"@id":"https:\/\/www.lasolution-menager.com\/en\/pourquoi-faire-appel-a-un-service-de-menage-professionnel-a-boucherville\/"},"wordCount":351,"commentCount":0,"image":{"@id":"https:\/\/www.lasolution-menager.com\/en\/pourquoi-faire-appel-a-un-service-de-menage-professionnel-a-boucherville\/#primaryimage"},"thumbnailUrl":"https:\/\/www.lasolution-menager.com\/wp-content\/uploads\/2026\/03\/01.jpg","articleSection":["Non class\u00e9"],"inLanguage":"en-CA","potentialAction":[{"@type":"CommentAction","name":"Comment","target":["https:\/\/www.lasolution-menager.com\/en\/pourquoi-faire-appel-a-un-service-de-menage-professionnel-a-boucherville\/#respond"]}]},{"@type":"WebPage","@id":"https:\/\/www.lasolution-menager.com\/en\/pourquoi-faire-appel-a-un-service-de-menage-professionnel-a-boucherville\/","url":"https:\/\/www.lasolution-menager.com\/en\/pourquoi-faire-appel-a-un-service-de-menage-professionnel-a-boucherville\/","name":"Pourquoi faire appel \u00e0 un service de m\u00e9nage professionnel \u00e0 Boucherville ? - Service de m\u00e9nage \u00e0 Boucherville | M\u00e9nage r\u00e9sidentiel et commercial | La Solution M\u00e9nager","isPartOf":{"@id":"https:\/\/www.lasolution-menager.com\/#website"},"primaryImageOfPage":{"@id":"https:\/\/www.lasolution-menager.com\/en\/pourquoi-faire-appel-a-un-service-de-menage-professionnel-a-boucherville\/#primaryimage"},"image":{"@id":"https:\/\/www.lasolution-menager.com\/en\/pourquoi-faire-appel-a-un-service-de-menage-professionnel-a-boucherville\/#primaryimage"},"thumbnailUrl":"https:\/\/www.lasolution-menager.com\/wp-content\/uploads\/2026\/03\/01.jpg","datePublished":"2026-03-12T00:25:15+00:00","dateModified":"2026-03-12T00:36:13+00:00","author":{"@id":"https:\/\/www.lasolution-menager.com\/#\/schema\/person\/55e2621bf87e7336f393a60f66841236"},"description":"D\u00e9couvrez pourquoi faire appel \u00e0 un service de m\u00e9nage professionnel \u00e0 Boucherville peut vous faire gagner du temps et garantir une maison propre et saine gr\u00e2ce \u00e0 La Solution M\u00e9nager.","breadcrumb":{"@id":"https:\/\/www.lasolution-menager.com\/en\/pourquoi-faire-appel-a-un-service-de-menage-professionnel-a-boucherville\/#breadcrumb"},"inLanguage":"en-CA","potentialAction":[{"@type":"ReadAction","target":["https:\/\/www.lasolution-menager.com\/en\/pourquoi-faire-appel-a-un-service-de-menage-professionnel-a-boucherville\/"]}]},{"@type":"ImageObject","inLanguage":"en-CA","@id":"https:\/\/www.lasolution-menager.com\/en\/pourquoi-faire-appel-a-un-service-de-menage-professionnel-a-boucherville\/#primaryimage","url":"https:\/\/www.lasolution-menager.com\/wp-content\/uploads\/2026\/03\/01.jpg","contentUrl":"https:\/\/www.lasolution-menager.com\/wp-content\/uploads\/2026\/03\/01.jpg","width":2000,"height":1300},{"@type":"BreadcrumbList","@id":"https:\/\/www.lasolution-menager.com\/en\/pourquoi-faire-appel-a-un-service-de-menage-professionnel-a-boucherville\/#breadcrumb","itemListElement":[{"@type":"ListItem","position":1,"name":"Home","item":"https:\/\/www.lasolution-menager.com\/"},{"@type":"ListItem","position":2,"name":"Pourquoi faire appel \u00e0 un service de m\u00e9nage professionnel \u00e0 Boucherville ?"}]},{"@type":"WebSite","@id":"https:\/\/www.lasolution-menager.com\/#website","url":"https:\/\/www.lasolution-menager.com\/","name":"Service de m\u00e9nage \u00e0 Boucherville | M\u00e9nage r\u00e9sidentiel et commercial | La Solution M\u00e9nager","description":"","potentialAction":[{"@type":"SearchAction","target":{"@type":"EntryPoint","urlTemplate":"https:\/\/www.lasolution-menager.com\/?s={search_term_string}"},"query-input":{"@type":"PropertyValueSpecification","valueRequired":true,"valueName":"search_term_string"}}],"inLanguage":"en-CA"},{"@type":"Person","@id":"https:\/\/www.lasolution-menager.com\/#\/schema\/person\/55e2621bf87e7336f393a60f66841236","name":"La solution m\u00e9nager","image":{"@type":"ImageObject","inLanguage":"en-CA","@id":"https:\/\/secure.gravatar.com\/avatar\/eefcc57bbf0ba9bb9dfd16654c835e3bd259c163bdb8305d3cc7fae2e03e8164?s=96&d=mm&r=g","url":"https:\/\/secure.gravatar.com\/avatar\/eefcc57bbf0ba9bb9dfd16654c835e3bd259c163bdb8305d3cc7fae2e03e8164?s=96&d=mm&r=g","contentUrl":"https:\/\/secure.gravatar.com\/avatar\/eefcc57bbf0ba9bb9dfd16654c835e3bd259c163bdb8305d3cc7fae2e03e8164?s=96&d=mm&r=g","caption":"La solution m\u00e9nager"},"sameAs":["https:\/\/www.lasolution-menager.com"],"url":"https:\/\/www.lasolution-menager.com\/en\/author\/admin\/"}]}},"_links":{"self":[{"href":"https:\/\/www.lasolution-menager.com\/en\/wp-json\/wp\/v2\/posts\/664","targetHints":{"allow":["GET"]}}],"collection":[{"href":"https:\/\/www.lasolution-menager.com\/en\/wp-json\/wp\/v2\/posts"}],"about":[{"href":"https:\/\/www.lasolution-menager.com\/en\/wp-json\/wp\/v2\/types\/post"}],"author":[{"embeddable":true,"href":"https:\/\/www.lasolution-menager.com\/en\/wp-json\/wp\/v2\/users\/1"}],"replies":[{"embeddable":true,"href":"https:\/\/www.lasolution-menager.com\/en\/wp-json\/wp\/v2\/comments?post=664"}],"version-history":[{"count":2,"href":"https:\/\/www.lasolution-menager.com\/en\/wp-json\/wp\/v2\/posts\/664\/revisions"}],"predecessor-version":[{"id":681,"href":"https:\/\/www.lasolution-menager.com\/en\/wp-json\/wp\/v2\/posts\/664\/revisions\/681"}],"wp:featuredmedia":[{"embeddable":true,"href":"https:\/\/www.lasolution-menager.com\/en\/wp-json\/wp\/v2\/media\/677"}],"wp:attachment":[{"href":"https:\/\/www.lasolution-menager.com\/en\/wp-json\/wp\/v2\/media?parent=664"}],"wp:term":[{"taxonomy":"category","embeddable":true,"href":"https:\/\/www.lasolution-menager.com\/en\/wp-json\/wp\/v2\/categories?post=664"},{"taxonomy":"post_tag","embeddable":true,"href":"https:\/\/www.lasolution-menager.com\/en\/wp-json\/wp\/v2\/tags?post=664"}],"curies":[{"name":"wp","href":"https:\/\/api.w.org\/{rel}","templated":true}]}}